{"id":290,"date":"2021-11-05T11:51:14","date_gmt":"2021-11-05T10:51:14","guid":{"rendered":"https:\/\/cmi-2i2a.univ-avignon.fr\/?p=290"},"modified":"2022-02-24T13:52:23","modified_gmt":"2022-02-24T12:52:23","slug":"thomas-lang","status":"publish","type":"post","link":"https:\/\/cmi-2i2a.univ-avignon.fr\/index.php\/2021\/11\/05\/thomas-lang\/","title":{"rendered":"Thomas Lang"},"content":{"rendered":"\n<p>Das Thema Europa hatte mich schon mein ganzes Leben lang begleitet. In Deutschland geboren und aufgewachsen, als Enkel einer Polin und Sohn einer Franz\u00f6sin war ich schon von Kindesbeinen an in Europa verwurzelt. \u00dcber meine Schulzeit sollten diese Wurzeln nicht schwinden. Im Gegenteil auf meinem Weg habe ich tolle Leute aus allen Ecken Europas und der Welt getroffen (Griechen, Kolumbianer, Italiener, Spanier usw.). Zwei von diesen Begegnungen darf ich heute sogar zu meinem besten Freunden z\u00e4hlen. Aber die sch\u00f6nste und engste Verbindung habe ich \u00fcber die Jahre zu Frankreich aufgebaut. Nicht nur durch meine Mutter, die mir das franz\u00f6sisch erst beigebracht hat, sondern vor allem auch durch meine Gro\u00dfeltern, die mit mir alle Facetten der Kultur und Geographie Frankreichs gezeigt haben. So habe ich meiner Mutter bereits sehr fr\u00fch (ca. 7.\/8. Klasse) mitgeteilt, dass es mein Wunsch ist nach dem Abitur in Frankreich zu studieren.<\/p>\n\n\n\n<p>Der Ort war damit beschlossen, aber wieso hab ich mich f\u00fcr die Informatik und den CMI entschieden? Das ist relativ einfach zu beantworten. Zur Informatik hatte ich mich schon immer hingezogen gef\u00fchlt, da es ein sehr logisches Fach ist und auswendig lernen nie so mein Ding war und in der Oberstufe hat sich herausgestellt das ich darin gar nicht mal so unbegabt bin. Trotzdem habe ich auch mit dem Gedanken gespielt etwas in die Richtung Politik oder Wirtschaft zu machen, da auch dieses Fach mich interessiert. Sogar so weit das ich in der Oberstufe an einem Wettbewerb teilgenommen habe namens \u00ab\u00a0Business@school\u00a0\u00bb, welches das Ziel hat, uns Teilnehmern das Unternehmertum n\u00e4her zu bringen. Dieser Wettbewerb hat mir sehr viel Spa\u00df gemacht und deswegen fiel es mir auch nicht schwer mich f\u00fcr den CMI zu begeistern. Denn dieser Studiengang vereint alles was mich interessiert und begeistert.<\/p>\n\n\n\n<figure class=\"wp-block-image size-large is-resized\"><img loading=\"lazy\" decoding=\"async\" src=\"https:\/\/cmi-2i2a.univ-avignon.fr\/wp-content\/uploads\/2021\/11\/selfie-1024x1009.jpg\" alt=\"\" class=\"wp-image-395\" width=\"273\" height=\"269\" srcset=\"https:\/\/cmi-2i2a.univ-avignon.fr\/wp-content\/uploads\/2021\/11\/selfie-1024x1009.jpg 1024w, https:\/\/cmi-2i2a.univ-avignon.fr\/wp-content\/uploads\/2021\/11\/selfie-300x295.jpg 300w, https:\/\/cmi-2i2a.univ-avignon.fr\/wp-content\/uploads\/2021\/11\/selfie-768x756.jpg 768w, https:\/\/cmi-2i2a.univ-avignon.fr\/wp-content\/uploads\/2021\/11\/selfie-1536x1513.jpg 1536w, https:\/\/cmi-2i2a.univ-avignon.fr\/wp-content\/uploads\/2021\/11\/selfie-2048x2017.jpg 2048w, https:\/\/cmi-2i2a.univ-avignon.fr\/wp-content\/uploads\/2021\/11\/selfie-274x270.jpg 274w\" sizes=\"auto, (max-width: 273px) 100vw, 273px\" \/><\/figure>\n\n\n\n<div class=\"wp-block-query is-layout-flow wp-block-query-is-layout-flow\"><ul class=\"wp-block-post-template is-layout-flow wp-block-post-template-is-layout-flow\"><li class=\"wp-block-post post-1704 post type-post status-publish format-standard hentry category-actualites\">\n<h2 class=\"wp-block-post-title\">YOU.com, un navigateur accompagn\u00e9 de son IA<\/h2>\n\n<div class=\"wp-block-post-date\"><time datetime=\"2023-01-22T14:36:35+01:00\">22 janvier 2023<\/time><\/div>\n\n<div class=\"wp-block-post-excerpt\"><p class=\"wp-block-post-excerpt__excerpt\">YOU.com for Who ? Utilis\u00e9 au quotidien par un public d\u2019utilisateurs vari\u00e9, tant dans la vie priv\u00e9 que professionnel. Synonyme d&rsquo;Internet pour la plupart des gens, les moteurs de recherches ou browsers en anglais ont su se rendre indispensables.En effet, les moteurs de recherches sont tr\u00e8s pratiques pour faire le lien avec le Web et\u2026 <\/p><\/div>\n<\/li><li class=\"wp-block-post post-2917 post type-post status-publish format-standard hentry category-carnet-de-voyage category-echanges-internationaux\">\n<h2 class=\"wp-block-post-title\">Guide de survie en \u00e9change universitaire en Angleterre partie 3 \u2013 Conclusion<\/h2>\n\n<div class=\"wp-block-post-date\"><time datetime=\"2026-07-08T10:53:31+02:00\">8 juillet 2026<\/time><\/div>\n\n<div class=\"wp-block-post-excerpt\"><p class=\"wp-block-post-excerpt__excerpt\">Juillet 2026Preston, Angleterre Cette fois c\u2019est clair, l\u2019hiver est derri\u00e8re nous !! La longue nuit se termine et laisse place \u00e0 la chaleur et au soleil de l\u2019\u00e9t\u00e9. Les jours se font longs, tr\u00e8s longs. L\u2019aube d\u00e9marre \u00e0 3h du matin et le cr\u00e9puscule s\u2019\u00e9tend jusqu\u2019\u00e0 22h. Il ne fait nuit compl\u00e8te que seulement 3\u2026 <\/p><\/div>\n<\/li><\/ul>\n\n\n<p><\/p>\n<\/div>\n","protected":false},"excerpt":{"rendered":"<p>Das Thema Europa hatte mich schon mein ganzes Leben lang begleitet. In Deutschland geboren und aufgewachsen, als Enkel einer Polin und Sohn einer Franz\u00f6sin war ich schon von Kindesbeinen an in Europa verwurzelt. \u00dcber meine Schulzeit sollten diese Wurzeln nicht schwinden. Im Gegenteil auf meinem Weg habe ich tolle Leute aus allen Ecken Europas und der Welt getroffen (Griechen, Kolumbianer, Italiener, Spanier usw.). Zwei von diesen Begegnungen darf ich heute sogar zu meinem besten Freunden z\u00e4hlen. Aber die sch\u00f6nste und&#8230;<\/p>\n<p class=\"read-more\"><a class=\"btn btn-default\" href=\"https:\/\/cmi-2i2a.univ-avignon.fr\/index.php\/2021\/11\/05\/thomas-lang\/\">Lire la suite<span class=\"screen-reader-text\"> Lire la suite<\/span><\/a><\/p>\n","protected":false},"author":1,"featured_media":0,"comment_status":"closed","ping_status":"closed","sticky":false,"template":"","format":"standard","meta":{"footnotes":""},"categories":[37],"tags":[],"coauthors":[78],"class_list":["post-290","post","type-post","status-publish","format-standard","hentry","category-promo2021"],"_links":{"self":[{"href":"https:\/\/cmi-2i2a.univ-avignon.fr\/index.php\/wp-json\/wp\/v2\/posts\/290","targetHints":{"allow":["GET"]}}],"collection":[{"href":"https:\/\/cmi-2i2a.univ-avignon.fr\/index.php\/wp-json\/wp\/v2\/posts"}],"about":[{"href":"https:\/\/cmi-2i2a.univ-avignon.fr\/index.php\/wp-json\/wp\/v2\/types\/post"}],"author":[{"embeddable":true,"href":"https:\/\/cmi-2i2a.univ-avignon.fr\/index.php\/wp-json\/wp\/v2\/users\/1"}],"replies":[{"embeddable":true,"href":"https:\/\/cmi-2i2a.univ-avignon.fr\/index.php\/wp-json\/wp\/v2\/comments?post=290"}],"version-history":[{"count":3,"href":"https:\/\/cmi-2i2a.univ-avignon.fr\/index.php\/wp-json\/wp\/v2\/posts\/290\/revisions"}],"predecessor-version":[{"id":1394,"href":"https:\/\/cmi-2i2a.univ-avignon.fr\/index.php\/wp-json\/wp\/v2\/posts\/290\/revisions\/1394"}],"wp:attachment":[{"href":"https:\/\/cmi-2i2a.univ-avignon.fr\/index.php\/wp-json\/wp\/v2\/media?parent=290"}],"wp:term":[{"taxonomy":"category","embeddable":true,"href":"https:\/\/cmi-2i2a.univ-avignon.fr\/index.php\/wp-json\/wp\/v2\/categories?post=290"},{"taxonomy":"post_tag","embeddable":true,"href":"https:\/\/cmi-2i2a.univ-avignon.fr\/index.php\/wp-json\/wp\/v2\/tags?post=290"},{"taxonomy":"author","embeddable":true,"href":"https:\/\/cmi-2i2a.univ-avignon.fr\/index.php\/wp-json\/wp\/v2\/coauthors?post=290"}],"curies":[{"name":"wp","href":"https:\/\/api.w.org\/{rel}","templated":true}]}}